{"id":2205,"date":"2022-10-13T19:34:42","date_gmt":"2022-10-13T18:34:42","guid":{"rendered":"https:\/\/www.vatel.lu\/?p=2205"},"modified":"2022-10-13T19:34:42","modified_gmt":"2022-10-13T18:34:42","slug":"la-provencale-neuer-sponsor-von-vatel-luxembourg","status":"publish","type":"post","link":"https:\/\/www.vatel.lu\/de\/la-provencale-neuer-sponsor-von-vatel-luxembourg\/","title":{"rendered":"La Proven\u00e7ale &#8211; Neuer Sponsor von Vatel Luxembourg"},"content":{"rendered":"<p>La Proven\u00e7ale wurde 1969 gegr\u00fcndet und ist der Gro\u00dfh\u00e4ndler f\u00fcr allgemeine Lebensmittel. Der Cash &amp; Carry-Bereich umfasst mehr als 35.400 Artikel. La Proven\u00e7ale beliefert die HORECA-Profis nicht nur im Gro\u00dfherzogtum Luxemburg, sondern auch in den angrenzenden Regionen Deutschlands, Belgiens und Frankreichs. Das Spektrum ihrer Kunden entspricht den Bed\u00fcrfnissen aller Fachleute im Bereich der Lebensmittelverarbeitung wie Hotels, Restaurants, Kantinen, Cateringunternehmen, Fluggesellschaften, Krankenh\u00e4user, Superm\u00e4rkte, Lebensmittelgesch\u00e4fte, B\u00e4ckereien, Metzgereien und Veranstalter von l\u00e4ndlichen Festen.<\/p>\n<p>Mit einem Team von \u00fcber 1300 Mitarbeitern und einer Flotte von 150 Drei-Temperaturen-K\u00fchlwagen legt La Proven\u00e7ale gro\u00dfen Wert auf Kundenservice und die Qualit\u00e4t seiner Produkte.<\/p>\n<p><img loading=\"lazy\" decoding=\"async\" class=\"alignnone size-full wp-image-2199\" src=\"https:\/\/www.vatel.lu\/wp-content\/uploads\/2022\/10\/PHOTO-2022-09-27-18-40-38-2.jpg\" alt=\"\" width=\"1024\" height=\"768\" srcset=\"https:\/\/www.vatel.lu\/wp-content\/uploads\/2022\/10\/PHOTO-2022-09-27-18-40-38-2.jpg 1024w, https:\/\/www.vatel.lu\/wp-content\/uploads\/2022\/10\/PHOTO-2022-09-27-18-40-38-2-300x225.jpg 300w, https:\/\/www.vatel.lu\/wp-content\/uploads\/2022\/10\/PHOTO-2022-09-27-18-40-38-2-768x576.jpg 768w\" sizes=\"auto, (max-width: 1024px) 100vw, 1024px\" \/><\/p>\n<p>Der Sponsoringvertrag wurde in Anwesenheit der Herren Georges Eischen und Jo Studer sowie von Herrn Ben Weber, dem Pr\u00e4sidenten des Vatel Clubs, unterzeichnet.\u00a0Wir danken La Proven\u00e7ale f\u00fcr sein Engagement f\u00fcr die Gastronomie in Luxemburg.<\/p>\n<p><img loading=\"lazy\" decoding=\"async\" class=\"alignnone size-full wp-image-2196\" src=\"https:\/\/www.vatel.lu\/wp-content\/uploads\/2022\/10\/PHOTO-2022-09-27-18-40-38-6.jpg\" alt=\"\" width=\"1024\" height=\"768\" srcset=\"https:\/\/www.vatel.lu\/wp-content\/uploads\/2022\/10\/PHOTO-2022-09-27-18-40-38-6.jpg 1024w, https:\/\/www.vatel.lu\/wp-content\/uploads\/2022\/10\/PHOTO-2022-09-27-18-40-38-6-300x225.jpg 300w, https:\/\/www.vatel.lu\/wp-content\/uploads\/2022\/10\/PHOTO-2022-09-27-18-40-38-6-768x576.jpg 768w\" sizes=\"auto, (max-width: 1024px) 100vw, 1024px\" \/><\/p>\n","protected":false},"excerpt":{"rendered":"<p>La Proven\u00e7ale hat mit dem Vatel Club einen Sponsoringvertrag \u00fcber vier Jahre unterzeichnet.<\/p>\n","protected":false},"author":3,"featured_media":2108,"comment_status":"closed","ping_status":"closed","sticky":false,"template":"","format":"standard","meta":{"_acf_changed":false,"inline_featured_image":false,"footnotes":""},"categories":[9],"tags":[],"class_list":["post-2205","post","type-post","status-publish","format-standard","has-post-thumbnail","hentry","category-unkategorisiert"],"acf":[],"yoast_head":"<!-- This site is optimized with the Yoast SEO plugin v24.4 - https:\/\/yoast.com\/wordpress\/plugins\/seo\/ -->\n<title>La Proven\u00e7ale - Neuer Sponsor von Vatel Luxembourg - Vatel Club<\/title>\n<meta name=\"robots\" content=\"index, follow, max-snippet:-1, max-image-preview:large, max-video-preview:-1\" \/>\n<link rel=\"canonical\" href=\"https:\/\/www.vatel.lu\/de\/la-provencale-neuer-sponsor-von-vatel-luxembourg\/\" \/>\n<meta property=\"og:locale\" content=\"de_DE\" \/>\n<meta property=\"og:type\" content=\"article\" \/>\n<meta property=\"og:title\" content=\"La Proven\u00e7ale - Neuer Sponsor von Vatel Luxembourg - Vatel Club\" \/>\n<meta property=\"og:description\" content=\"La Proven\u00e7ale hat mit dem Vatel Club einen Sponsoringvertrag \u00fcber vier Jahre unterzeichnet.\" \/>\n<meta property=\"og:url\" content=\"https:\/\/www.vatel.lu\/de\/la-provencale-neuer-sponsor-von-vatel-luxembourg\/\" \/>\n<meta property=\"og:site_name\" content=\"Vatel Club\" \/>\n<meta property=\"article:published_time\" content=\"2022-10-13T18:34:42+00:00\" \/>\n<meta property=\"og:image\" content=\"https:\/\/www.vatel.lu\/wp-content\/uploads\/2022\/09\/Logo-Provencale.jpg\" \/>\n\t<meta property=\"og:image:width\" content=\"640\" \/>\n\t<meta property=\"og:image:height\" content=\"480\" \/>\n\t<meta property=\"og:image:type\" content=\"image\/jpeg\" \/>\n<meta name=\"author\" content=\"Luc Pauly\" \/>\n<meta name=\"twitter:card\" content=\"summary_large_image\" \/>\n<meta name=\"twitter:label1\" content=\"Verfasst von\" \/>\n\t<meta name=\"twitter:data1\" content=\"Luc Pauly\" \/>\n\t<meta name=\"twitter:label2\" content=\"Gesch\u00e4tzte Lesezeit\" \/>\n\t<meta name=\"twitter:data2\" content=\"1\u00a0Minute\" \/>\n<script type=\"application\/ld+json\" class=\"yoast-schema-graph\">{\"@context\":\"https:\/\/schema.org\",\"@graph\":[{\"@type\":\"WebPage\",\"@id\":\"https:\/\/www.vatel.lu\/de\/la-provencale-neuer-sponsor-von-vatel-luxembourg\/\",\"url\":\"https:\/\/www.vatel.lu\/de\/la-provencale-neuer-sponsor-von-vatel-luxembourg\/\",\"name\":\"La Proven\u00e7ale - Neuer Sponsor von Vatel Luxembourg - Vatel Club\",\"isPartOf\":{\"@id\":\"https:\/\/www.vatel.lu\/de\/#website\"},\"primaryImageOfPage\":{\"@id\":\"https:\/\/www.vatel.lu\/de\/la-provencale-neuer-sponsor-von-vatel-luxembourg\/#primaryimage\"},\"image\":{\"@id\":\"https:\/\/www.vatel.lu\/de\/la-provencale-neuer-sponsor-von-vatel-luxembourg\/#primaryimage\"},\"thumbnailUrl\":\"https:\/\/www.vatel.lu\/wp-content\/uploads\/2022\/09\/Logo-Provencale.jpg\",\"datePublished\":\"2022-10-13T18:34:42+00:00\",\"author\":{\"@id\":\"https:\/\/www.vatel.lu\/de\/#\/schema\/person\/4e74449d12562facc2787629e9ef3a8b\"},\"breadcrumb\":{\"@id\":\"https:\/\/www.vatel.lu\/de\/la-provencale-neuer-sponsor-von-vatel-luxembourg\/#breadcrumb\"},\"inLanguage\":\"de\",\"potentialAction\":[{\"@type\":\"ReadAction\",\"target\":[\"https:\/\/www.vatel.lu\/de\/la-provencale-neuer-sponsor-von-vatel-luxembourg\/\"]}]},{\"@type\":\"ImageObject\",\"inLanguage\":\"de\",\"@id\":\"https:\/\/www.vatel.lu\/de\/la-provencale-neuer-sponsor-von-vatel-luxembourg\/#primaryimage\",\"url\":\"https:\/\/www.vatel.lu\/wp-content\/uploads\/2022\/09\/Logo-Provencale.jpg\",\"contentUrl\":\"https:\/\/www.vatel.lu\/wp-content\/uploads\/2022\/09\/Logo-Provencale.jpg\",\"width\":640,\"height\":480},{\"@type\":\"BreadcrumbList\",\"@id\":\"https:\/\/www.vatel.lu\/de\/la-provencale-neuer-sponsor-von-vatel-luxembourg\/#breadcrumb\",\"itemListElement\":[{\"@type\":\"ListItem\",\"position\":1,\"name\":\"Home\",\"item\":\"https:\/\/www.vatel.lu\/de\/\"},{\"@type\":\"ListItem\",\"position\":2,\"name\":\"La Proven\u00e7ale &#8211; Neuer Sponsor von Vatel Luxembourg\"}]},{\"@type\":\"WebSite\",\"@id\":\"https:\/\/www.vatel.lu\/de\/#website\",\"url\":\"https:\/\/www.vatel.lu\/de\/\",\"name\":\"Vatel Club\",\"description\":\"My WordPress Blog\",\"potentialAction\":[{\"@type\":\"SearchAction\",\"target\":{\"@type\":\"EntryPoint\",\"urlTemplate\":\"https:\/\/www.vatel.lu\/de\/?s={search_term_string}\"},\"query-input\":{\"@type\":\"PropertyValueSpecification\",\"valueRequired\":true,\"valueName\":\"search_term_string\"}}],\"inLanguage\":\"de\"},{\"@type\":\"Person\",\"@id\":\"https:\/\/www.vatel.lu\/de\/#\/schema\/person\/4e74449d12562facc2787629e9ef3a8b\",\"name\":\"Luc Pauly\",\"image\":{\"@type\":\"ImageObject\",\"inLanguage\":\"de\",\"@id\":\"https:\/\/www.vatel.lu\/de\/#\/schema\/person\/image\/\",\"url\":\"https:\/\/secure.gravatar.com\/avatar\/6448af24617ed92c34455ce2eb079579?s=96&d=mm&r=g\",\"contentUrl\":\"https:\/\/secure.gravatar.com\/avatar\/6448af24617ed92c34455ce2eb079579?s=96&d=mm&r=g\",\"caption\":\"Luc Pauly\"},\"url\":\"https:\/\/www.vatel.lu\/de\/author\/paulylucpt-lu\/\"}]}<\/script>\n<!-- \/ Yoast SEO plugin. -->","yoast_head_json":{"title":"La Proven\u00e7ale - Neuer Sponsor von Vatel Luxembourg - Vatel Club","robots":{"index":"index","follow":"follow","max-snippet":"max-snippet:-1","max-image-preview":"max-image-preview:large","max-video-preview":"max-video-preview:-1"},"canonical":"https:\/\/www.vatel.lu\/de\/la-provencale-neuer-sponsor-von-vatel-luxembourg\/","og_locale":"de_DE","og_type":"article","og_title":"La Proven\u00e7ale - Neuer Sponsor von Vatel Luxembourg - Vatel Club","og_description":"La Proven\u00e7ale hat mit dem Vatel Club einen Sponsoringvertrag \u00fcber vier Jahre unterzeichnet.","og_url":"https:\/\/www.vatel.lu\/de\/la-provencale-neuer-sponsor-von-vatel-luxembourg\/","og_site_name":"Vatel Club","article_published_time":"2022-10-13T18:34:42+00:00","og_image":[{"width":640,"height":480,"url":"https:\/\/www.vatel.lu\/wp-content\/uploads\/2022\/09\/Logo-Provencale.jpg","type":"image\/jpeg"}],"author":"Luc Pauly","twitter_card":"summary_large_image","twitter_misc":{"Verfasst von":"Luc Pauly","Gesch\u00e4tzte Lesezeit":"1\u00a0Minute"},"schema":{"@context":"https:\/\/schema.org","@graph":[{"@type":"WebPage","@id":"https:\/\/www.vatel.lu\/de\/la-provencale-neuer-sponsor-von-vatel-luxembourg\/","url":"https:\/\/www.vatel.lu\/de\/la-provencale-neuer-sponsor-von-vatel-luxembourg\/","name":"La Proven\u00e7ale - Neuer Sponsor von Vatel Luxembourg - Vatel Club","isPartOf":{"@id":"https:\/\/www.vatel.lu\/de\/#website"},"primaryImageOfPage":{"@id":"https:\/\/www.vatel.lu\/de\/la-provencale-neuer-sponsor-von-vatel-luxembourg\/#primaryimage"},"image":{"@id":"https:\/\/www.vatel.lu\/de\/la-provencale-neuer-sponsor-von-vatel-luxembourg\/#primaryimage"},"thumbnailUrl":"https:\/\/www.vatel.lu\/wp-content\/uploads\/2022\/09\/Logo-Provencale.jpg","datePublished":"2022-10-13T18:34:42+00:00","author":{"@id":"https:\/\/www.vatel.lu\/de\/#\/schema\/person\/4e74449d12562facc2787629e9ef3a8b"},"breadcrumb":{"@id":"https:\/\/www.vatel.lu\/de\/la-provencale-neuer-sponsor-von-vatel-luxembourg\/#breadcrumb"},"inLanguage":"de","potentialAction":[{"@type":"ReadAction","target":["https:\/\/www.vatel.lu\/de\/la-provencale-neuer-sponsor-von-vatel-luxembourg\/"]}]},{"@type":"ImageObject","inLanguage":"de","@id":"https:\/\/www.vatel.lu\/de\/la-provencale-neuer-sponsor-von-vatel-luxembourg\/#primaryimage","url":"https:\/\/www.vatel.lu\/wp-content\/uploads\/2022\/09\/Logo-Provencale.jpg","contentUrl":"https:\/\/www.vatel.lu\/wp-content\/uploads\/2022\/09\/Logo-Provencale.jpg","width":640,"height":480},{"@type":"BreadcrumbList","@id":"https:\/\/www.vatel.lu\/de\/la-provencale-neuer-sponsor-von-vatel-luxembourg\/#breadcrumb","itemListElement":[{"@type":"ListItem","position":1,"name":"Home","item":"https:\/\/www.vatel.lu\/de\/"},{"@type":"ListItem","position":2,"name":"La Proven\u00e7ale &#8211; Neuer Sponsor von Vatel Luxembourg"}]},{"@type":"WebSite","@id":"https:\/\/www.vatel.lu\/de\/#website","url":"https:\/\/www.vatel.lu\/de\/","name":"Vatel Club","description":"My WordPress Blog","potentialAction":[{"@type":"SearchAction","target":{"@type":"EntryPoint","urlTemplate":"https:\/\/www.vatel.lu\/de\/?s={search_term_string}"},"query-input":{"@type":"PropertyValueSpecification","valueRequired":true,"valueName":"search_term_string"}}],"inLanguage":"de"},{"@type":"Person","@id":"https:\/\/www.vatel.lu\/de\/#\/schema\/person\/4e74449d12562facc2787629e9ef3a8b","name":"Luc Pauly","image":{"@type":"ImageObject","inLanguage":"de","@id":"https:\/\/www.vatel.lu\/de\/#\/schema\/person\/image\/","url":"https:\/\/secure.gravatar.com\/avatar\/6448af24617ed92c34455ce2eb079579?s=96&d=mm&r=g","contentUrl":"https:\/\/secure.gravatar.com\/avatar\/6448af24617ed92c34455ce2eb079579?s=96&d=mm&r=g","caption":"Luc Pauly"},"url":"https:\/\/www.vatel.lu\/de\/author\/paulylucpt-lu\/"}]}},"_links":{"self":[{"href":"https:\/\/www.vatel.lu\/de\/wp-json\/wp\/v2\/posts\/2205","targetHints":{"allow":["GET"]}}],"collection":[{"href":"https:\/\/www.vatel.lu\/de\/wp-json\/wp\/v2\/posts"}],"about":[{"href":"https:\/\/www.vatel.lu\/de\/wp-json\/wp\/v2\/types\/post"}],"author":[{"embeddable":true,"href":"https:\/\/www.vatel.lu\/de\/wp-json\/wp\/v2\/users\/3"}],"replies":[{"embeddable":true,"href":"https:\/\/www.vatel.lu\/de\/wp-json\/wp\/v2\/comments?post=2205"}],"version-history":[{"count":1,"href":"https:\/\/www.vatel.lu\/de\/wp-json\/wp\/v2\/posts\/2205\/revisions"}],"predecessor-version":[{"id":2206,"href":"https:\/\/www.vatel.lu\/de\/wp-json\/wp\/v2\/posts\/2205\/revisions\/2206"}],"wp:featuredmedia":[{"embeddable":true,"href":"https:\/\/www.vatel.lu\/de\/wp-json\/wp\/v2\/media\/2108"}],"wp:attachment":[{"href":"https:\/\/www.vatel.lu\/de\/wp-json\/wp\/v2\/media?parent=2205"}],"wp:term":[{"taxonomy":"category","embeddable":true,"href":"https:\/\/www.vatel.lu\/de\/wp-json\/wp\/v2\/categories?post=2205"},{"taxonomy":"post_tag","embeddable":true,"href":"https:\/\/www.vatel.lu\/de\/wp-json\/wp\/v2\/tags?post=2205"}],"curies":[{"name":"wp","href":"https:\/\/api.w.org\/{rel}","templated":true}]}}